{"id":838,"date":"2022-01-10T14:34:02","date_gmt":"2022-01-10T13:34:02","guid":{"rendered":"https:\/\/www.corbeauxmasques.com\/le-crapaud-est-le-plus-horrible-des-oiseaux\/"},"modified":"2023-03-23T19:05:18","modified_gmt":"2023-03-23T18:05:18","slug":"le-crapaud-est-le-plus-horrible-des-oiseaux","status":"publish","type":"post","link":"https:\/\/www.corbeauxmasques.com\/en\/le-crapaud-est-le-plus-horrible-des-oiseaux\/","title":{"rendered":"\u00ab Le crapaud est le plus horrible des oiseaux ! \u00bb"},"content":{"rendered":"","protected":false},"excerpt":{"rendered":"<p><strong>M\u00e9diath\u00e8que de Tr\u00e9lissac<br \/>\n9 juillet -25 ao\u00fbt 2021<\/strong><\/p>\n<p>R. Farouk et Lang D. pr\u00e9sentent une exposition de peintures qui invite au voyage dans un monde entre mythe et r\u00e9alit\u00e9, peupl\u00e9 de cr\u00e9atures \u00e9tranges.<br \/>\nEn exposant leurs \u0153uvres respectives dans un m\u00eame lieu, les 2 artistes mettent en \u00e9vidence le dialogue entre leurs 2 univers.<\/p>\n","protected":false},"author":1,"featured_media":713,"comment_status":"open","ping_status":"open","sticky":false,"template":"","format":"standard","meta":{"footnotes":""},"categories":[3],"tags":[],"class_list":["post-838","post","type-post","status-publish","format-standard","has-post-thumbnail","hentry","category-uncategorized"],"yoast_head":"<!-- This site is optimized with the Yoast SEO plugin v26.6 - https:\/\/yoast.com\/wordpress\/plugins\/seo\/ -->\n<title>\u00ab Le crapaud est le plus horrible des oiseaux ! \u00bb - Corbeaux Masqu\u00e9s<\/title>\n<meta name=\"robots\" content=\"noindex, follow\" \/>\n<meta property=\"og:locale\" content=\"en_US\" \/>\n<meta property=\"og:type\" content=\"article\" \/>\n<meta property=\"og:title\" content=\"\u00ab Le crapaud est le plus horrible des oiseaux ! \u00bb - Corbeaux Masqu\u00e9s\" \/>\n<meta property=\"og:description\" content=\"M\u00e9diath\u00e8que de Tr\u00e9lissac 9 juillet -25 ao\u00fbt 2021 R. Farouk et Lang D. pr\u00e9sentent une exposition de peintures qui invite au voyage dans un monde entre mythe et r\u00e9alit\u00e9, peupl\u00e9 de cr\u00e9atures \u00e9tranges. En exposant leurs \u0153uvres respectives dans un m\u00eame lieu, les 2 artistes mettent en \u00e9vidence le dialogue entre leurs 2 univers.\" \/>\n<meta property=\"og:url\" content=\"https:\/\/www.corbeauxmasques.com\/en\/le-crapaud-est-le-plus-horrible-des-oiseaux\/\" \/>\n<meta property=\"og:site_name\" content=\"Corbeaux Masqu\u00e9s\" \/>\n<meta property=\"article:published_time\" content=\"2022-01-10T13:34:02+00:00\" \/>\n<meta property=\"article:modified_time\" content=\"2023-03-23T18:05:18+00:00\" \/>\n<meta property=\"og:image\" content=\"https:\/\/www.corbeauxmasques.com\/wp-content\/uploads\/2021\/11\/affiche-expo-R.Farouk-Lang-D.-.jpg\" \/>\n\t<meta property=\"og:image:width\" content=\"1414\" \/>\n\t<meta property=\"og:image:height\" content=\"2000\" \/>\n\t<meta property=\"og:image:type\" content=\"image\/jpeg\" \/>\n<meta name=\"author\" content=\"admin\" \/>\n<meta name=\"twitter:card\" content=\"summary_large_image\" \/>\n<meta name=\"twitter:label1\" content=\"Written by\" \/>\n\t<meta name=\"twitter:data1\" content=\"admin\" \/>\n<script type=\"application\/ld+json\" class=\"yoast-schema-graph\">{\"@context\":\"https:\/\/schema.org\",\"@graph\":[{\"@type\":\"WebPage\",\"@id\":\"https:\/\/www.corbeauxmasques.com\/en\/le-crapaud-est-le-plus-horrible-des-oiseaux\/\",\"url\":\"https:\/\/www.corbeauxmasques.com\/en\/le-crapaud-est-le-plus-horrible-des-oiseaux\/\",\"name\":\"\u00ab Le crapaud est le plus horrible des oiseaux ! \u00bb - Corbeaux Masqu\u00e9s\",\"isPartOf\":{\"@id\":\"https:\/\/www.corbeauxmasques.com\/#website\"},\"primaryImageOfPage\":{\"@id\":\"https:\/\/www.corbeauxmasques.com\/en\/le-crapaud-est-le-plus-horrible-des-oiseaux\/#primaryimage\"},\"image\":{\"@id\":\"https:\/\/www.corbeauxmasques.com\/en\/le-crapaud-est-le-plus-horrible-des-oiseaux\/#primaryimage\"},\"thumbnailUrl\":\"https:\/\/www.corbeauxmasques.com\/wp-content\/uploads\/2021\/11\/affiche-expo-R.Farouk-Lang-D.-.jpg\",\"datePublished\":\"2022-01-10T13:34:02+00:00\",\"dateModified\":\"2023-03-23T18:05:18+00:00\",\"author\":{\"@id\":\"https:\/\/www.corbeauxmasques.com\/#\/schema\/person\/79e363a55027ad60e3197702c687456a\"},\"breadcrumb\":{\"@id\":\"https:\/\/www.corbeauxmasques.com\/en\/le-crapaud-est-le-plus-horrible-des-oiseaux\/#breadcrumb\"},\"inLanguage\":\"en-US\",\"potentialAction\":[{\"@type\":\"ReadAction\",\"target\":[\"https:\/\/www.corbeauxmasques.com\/en\/le-crapaud-est-le-plus-horrible-des-oiseaux\/\"]}]},{\"@type\":\"ImageObject\",\"inLanguage\":\"en-US\",\"@id\":\"https:\/\/www.corbeauxmasques.com\/en\/le-crapaud-est-le-plus-horrible-des-oiseaux\/#primaryimage\",\"url\":\"https:\/\/www.corbeauxmasques.com\/wp-content\/uploads\/2021\/11\/affiche-expo-R.Farouk-Lang-D.-.jpg\",\"contentUrl\":\"https:\/\/www.corbeauxmasques.com\/wp-content\/uploads\/2021\/11\/affiche-expo-R.Farouk-Lang-D.-.jpg\",\"width\":1414,\"height\":2000},{\"@type\":\"BreadcrumbList\",\"@id\":\"https:\/\/www.corbeauxmasques.com\/en\/le-crapaud-est-le-plus-horrible-des-oiseaux\/#breadcrumb\",\"itemListElement\":[{\"@type\":\"ListItem\",\"position\":1,\"name\":\"Accueil\",\"item\":\"https:\/\/www.corbeauxmasques.com\/en\/\"},{\"@type\":\"ListItem\",\"position\":2,\"name\":\"\u00ab Le crapaud est le plus horrible des oiseaux ! \u00bb\"}]},{\"@type\":\"WebSite\",\"@id\":\"https:\/\/www.corbeauxmasques.com\/#website\",\"url\":\"https:\/\/www.corbeauxmasques.com\/\",\"name\":\"Corbeaux Masqu\u00e9s\",\"description\":\"\",\"potentialAction\":[{\"@type\":\"SearchAction\",\"target\":{\"@type\":\"EntryPoint\",\"urlTemplate\":\"https:\/\/www.corbeauxmasques.com\/?s={search_term_string}\"},\"query-input\":{\"@type\":\"PropertyValueSpecification\",\"valueRequired\":true,\"valueName\":\"search_term_string\"}}],\"inLanguage\":\"en-US\"},{\"@type\":\"Person\",\"@id\":\"https:\/\/www.corbeauxmasques.com\/#\/schema\/person\/79e363a55027ad60e3197702c687456a\",\"name\":\"admin\",\"sameAs\":[\"http:\/\/www.corbeauxmasques.com\"]}]}<\/script>\n<!-- \/ Yoast SEO plugin. -->","yoast_head_json":{"title":"\u00ab Le crapaud est le plus horrible des oiseaux ! \u00bb - Corbeaux Masqu\u00e9s","robots":{"index":"noindex","follow":"follow"},"og_locale":"en_US","og_type":"article","og_title":"\u00ab Le crapaud est le plus horrible des oiseaux ! \u00bb - Corbeaux Masqu\u00e9s","og_description":"M\u00e9diath\u00e8que de Tr\u00e9lissac 9 juillet -25 ao\u00fbt 2021 R. Farouk et Lang D. pr\u00e9sentent une exposition de peintures qui invite au voyage dans un monde entre mythe et r\u00e9alit\u00e9, peupl\u00e9 de cr\u00e9atures \u00e9tranges. En exposant leurs \u0153uvres respectives dans un m\u00eame lieu, les 2 artistes mettent en \u00e9vidence le dialogue entre leurs 2 univers.","og_url":"https:\/\/www.corbeauxmasques.com\/en\/le-crapaud-est-le-plus-horrible-des-oiseaux\/","og_site_name":"Corbeaux Masqu\u00e9s","article_published_time":"2022-01-10T13:34:02+00:00","article_modified_time":"2023-03-23T18:05:18+00:00","og_image":[{"width":1414,"height":2000,"url":"https:\/\/www.corbeauxmasques.com\/wp-content\/uploads\/2021\/11\/affiche-expo-R.Farouk-Lang-D.-.jpg","type":"image\/jpeg"}],"author":"admin","twitter_card":"summary_large_image","twitter_misc":{"Written by":"admin"},"schema":{"@context":"https:\/\/schema.org","@graph":[{"@type":"WebPage","@id":"https:\/\/www.corbeauxmasques.com\/en\/le-crapaud-est-le-plus-horrible-des-oiseaux\/","url":"https:\/\/www.corbeauxmasques.com\/en\/le-crapaud-est-le-plus-horrible-des-oiseaux\/","name":"\u00ab Le crapaud est le plus horrible des oiseaux ! \u00bb - Corbeaux Masqu\u00e9s","isPartOf":{"@id":"https:\/\/www.corbeauxmasques.com\/#website"},"primaryImageOfPage":{"@id":"https:\/\/www.corbeauxmasques.com\/en\/le-crapaud-est-le-plus-horrible-des-oiseaux\/#primaryimage"},"image":{"@id":"https:\/\/www.corbeauxmasques.com\/en\/le-crapaud-est-le-plus-horrible-des-oiseaux\/#primaryimage"},"thumbnailUrl":"https:\/\/www.corbeauxmasques.com\/wp-content\/uploads\/2021\/11\/affiche-expo-R.Farouk-Lang-D.-.jpg","datePublished":"2022-01-10T13:34:02+00:00","dateModified":"2023-03-23T18:05:18+00:00","author":{"@id":"https:\/\/www.corbeauxmasques.com\/#\/schema\/person\/79e363a55027ad60e3197702c687456a"},"breadcrumb":{"@id":"https:\/\/www.corbeauxmasques.com\/en\/le-crapaud-est-le-plus-horrible-des-oiseaux\/#breadcrumb"},"inLanguage":"en-US","potentialAction":[{"@type":"ReadAction","target":["https:\/\/www.corbeauxmasques.com\/en\/le-crapaud-est-le-plus-horrible-des-oiseaux\/"]}]},{"@type":"ImageObject","inLanguage":"en-US","@id":"https:\/\/www.corbeauxmasques.com\/en\/le-crapaud-est-le-plus-horrible-des-oiseaux\/#primaryimage","url":"https:\/\/www.corbeauxmasques.com\/wp-content\/uploads\/2021\/11\/affiche-expo-R.Farouk-Lang-D.-.jpg","contentUrl":"https:\/\/www.corbeauxmasques.com\/wp-content\/uploads\/2021\/11\/affiche-expo-R.Farouk-Lang-D.-.jpg","width":1414,"height":2000},{"@type":"BreadcrumbList","@id":"https:\/\/www.corbeauxmasques.com\/en\/le-crapaud-est-le-plus-horrible-des-oiseaux\/#breadcrumb","itemListElement":[{"@type":"ListItem","position":1,"name":"Accueil","item":"https:\/\/www.corbeauxmasques.com\/en\/"},{"@type":"ListItem","position":2,"name":"\u00ab Le crapaud est le plus horrible des oiseaux ! \u00bb"}]},{"@type":"WebSite","@id":"https:\/\/www.corbeauxmasques.com\/#website","url":"https:\/\/www.corbeauxmasques.com\/","name":"Corbeaux Masqu\u00e9s","description":"","potentialAction":[{"@type":"SearchAction","target":{"@type":"EntryPoint","urlTemplate":"https:\/\/www.corbeauxmasques.com\/?s={search_term_string}"},"query-input":{"@type":"PropertyValueSpecification","valueRequired":true,"valueName":"search_term_string"}}],"inLanguage":"en-US"},{"@type":"Person","@id":"https:\/\/www.corbeauxmasques.com\/#\/schema\/person\/79e363a55027ad60e3197702c687456a","name":"admin","sameAs":["http:\/\/www.corbeauxmasques.com"]}]}},"_links":{"self":[{"href":"https:\/\/www.corbeauxmasques.com\/en\/wp-json\/wp\/v2\/posts\/838","targetHints":{"allow":["GET"]}}],"collection":[{"href":"https:\/\/www.corbeauxmasques.com\/en\/wp-json\/wp\/v2\/posts"}],"about":[{"href":"https:\/\/www.corbeauxmasques.com\/en\/wp-json\/wp\/v2\/types\/post"}],"author":[{"embeddable":true,"href":"https:\/\/www.corbeauxmasques.com\/en\/wp-json\/wp\/v2\/users\/1"}],"replies":[{"embeddable":true,"href":"https:\/\/www.corbeauxmasques.com\/en\/wp-json\/wp\/v2\/comments?post=838"}],"version-history":[{"count":3,"href":"https:\/\/www.corbeauxmasques.com\/en\/wp-json\/wp\/v2\/posts\/838\/revisions"}],"predecessor-version":[{"id":2966,"href":"https:\/\/www.corbeauxmasques.com\/en\/wp-json\/wp\/v2\/posts\/838\/revisions\/2966"}],"wp:featuredmedia":[{"embeddable":true,"href":"https:\/\/www.corbeauxmasques.com\/en\/wp-json\/wp\/v2\/media\/713"}],"wp:attachment":[{"href":"https:\/\/www.corbeauxmasques.com\/en\/wp-json\/wp\/v2\/media?parent=838"}],"wp:term":[{"taxonomy":"category","embeddable":true,"href":"https:\/\/www.corbeauxmasques.com\/en\/wp-json\/wp\/v2\/categories?post=838"},{"taxonomy":"post_tag","embeddable":true,"href":"https:\/\/www.corbeauxmasques.com\/en\/wp-json\/wp\/v2\/tags?post=838"}],"curies":[{"name":"wp","href":"https:\/\/api.w.org\/{rel}","templated":true}]}}